{"id":720,"date":"2022-09-06T09:01:20","date_gmt":"2022-09-06T09:01:20","guid":{"rendered":"https:\/\/energeticsibiu.ro\/wordpress\/?p=720"},"modified":"2022-09-06T09:37:04","modified_gmt":"2022-09-06T09:37:04","slug":"inceput-de-an-scolar-la-colegiul-tehnic-energetic-sibiu","status":"publish","type":"post","link":"https:\/\/energeticsibiu.ro\/wordpress\/inceput-de-an-scolar-la-colegiul-tehnic-energetic-sibiu\/","title":{"rendered":"\u00cenceput de an \u0219colar la Colegiul Tehnic Energetic Sibiu"},"content":{"rendered":"\n<p>Colegiul Tehnic Energetic din Sibiu a s\u0103rb\u0103torit deschiderea noului an \u015fcolar \u00een curtea institu\u0163iei de \u00eenv\u0103\u0163\u0103m\u00e2nt \u00eempreun\u0103 cu elevii, p\u0103rin\u0163ii, cadrele didactice \u0219i o seam\u0103 de invita\u0163i.<\/p>\n\n\n\n<p>A devenit o tradi\u021bie ca la fiecare \u00eenceput de an \u0219colar, Colegiul Tehnic Energetic, cu sprijinul Asocia\u0163iei Energetic@ Sibiu \u0219i a companiei Super Mama, s\u0103 premieze elevii merituo\u0219i ai \u0219colii: elevul cu cele mai bune rezultate la \u00eenv\u0103\u0163\u0103tur\u0103 \u00een anul \u0219colar 2021 \u2013 2022 &#8211; Greeru\u0219 C\u0103t\u0103lin din clasa a XI-a E, a fost recompensat cu un notebook \u0219i elevii f\u0103r\u0103 nicio absen\u021b\u0103 \u0219i media general\u0103 peste 9 \u2013 Opri\u0219 Mara din clasa a IX-a E \u0219i \u0218andru Mihai Andrei din clasa a XI-a A au fost recompensa\u021bi cu premii \u00een bani. De asemenea, elevii clasei a IX-a de la \u00eenv\u0103\u021b\u0103m\u00e2ntul profesional dual au primit din partea companiei Continental Automotive Systems Sibiu rucsace, geci \u0219i tricouri personalizate.<\/p>\n\n\n\n<p>Festivitatea s-a \u00eencheiat prin repartizarea elevilor \u00een s\u0103lile de clas\u0103, \u00eenso\u0163i\u0163i de dirigin\u0163i.<\/p>\n\n\n\n<figure class=\"wp-block-image size-large\"><img loading=\"lazy\" decoding=\"async\" width=\"1024\" height=\"768\" src=\"https:\/\/energeticsibiu.ro\/wordpress\/wp-content\/uploads\/2022\/09\/Foto-deschidere-2022-4-1024x768.jpeg\" alt=\"\" class=\"wp-image-721\"\/><\/figure>\n\n\n\n<figure class=\"wp-block-image size-large\"><img loading=\"lazy\" decoding=\"async\" width=\"1024\" height=\"768\" src=\"https:\/\/energeticsibiu.ro\/wordpress\/wp-content\/uploads\/2022\/09\/Foto-deschidere-2022-2-1024x768.jpeg\" alt=\"\" class=\"wp-image-722\"\/><\/figure>\n\n\n\n<figure class=\"wp-block-image size-large\"><img loading=\"lazy\" decoding=\"async\" width=\"1024\" height=\"768\" src=\"https:\/\/energeticsibiu.ro\/wordpress\/wp-content\/uploads\/2022\/09\/Foto-deschidere-2022-1-1024x768.jpeg\" alt=\"\" class=\"wp-image-723\"\/><\/figure>\n","protected":false},"excerpt":{"rendered":"<p>Colegiul Tehnic Energetic din Sibiu a s\u0103rb\u0103torit deschiderea noului an \u015fcolar \u00een curtea institu\u0163iei de \u00eenv\u0103\u0163\u0103m\u00e2nt \u00eempreun\u0103 cu elevii, p\u0103rin\u0163ii, cadrele didactice \u0219i o seam\u0103 de invita\u0163i. A devenit o [&hellip;]<\/p>\n","protected":false},"author":2,"featured_media":0,"comment_status":"open","ping_status":"open","sticky":false,"template":"","format":"standard","meta":{"footnotes":""},"categories":[15],"tags":[],"class_list":["post-720","post","type-post","status-publish","format-standard","hentry","category-noutati"],"_links":{"self":[{"href":"https:\/\/energeticsibiu.ro\/wordpress\/wp-json\/wp\/v2\/posts\/720","targetHints":{"allow":["GET"]}}],"collection":[{"href":"https:\/\/energeticsibiu.ro\/wordpress\/wp-json\/wp\/v2\/posts"}],"about":[{"href":"https:\/\/energeticsibiu.ro\/wordpress\/wp-json\/wp\/v2\/types\/post"}],"author":[{"embeddable":true,"href":"https:\/\/energeticsibiu.ro\/wordpress\/wp-json\/wp\/v2\/users\/2"}],"replies":[{"embeddable":true,"href":"https:\/\/energeticsibiu.ro\/wordpress\/wp-json\/wp\/v2\/comments?post=720"}],"version-history":[{"count":3,"href":"https:\/\/energeticsibiu.ro\/wordpress\/wp-json\/wp\/v2\/posts\/720\/revisions"}],"predecessor-version":[{"id":727,"href":"https:\/\/energeticsibiu.ro\/wordpress\/wp-json\/wp\/v2\/posts\/720\/revisions\/727"}],"wp:attachment":[{"href":"https:\/\/energeticsibiu.ro\/wordpress\/wp-json\/wp\/v2\/media?parent=720"}],"wp:term":[{"taxonomy":"category","embeddable":true,"href":"https:\/\/energeticsibiu.ro\/wordpress\/wp-json\/wp\/v2\/categories?post=720"},{"taxonomy":"post_tag","embeddable":true,"href":"https:\/\/energeticsibiu.ro\/wordpress\/wp-json\/wp\/v2\/tags?post=720"}],"curies":[{"name":"wp","href":"https:\/\/api.w.org\/{rel}","templated":true}]}}