{"id":292,"date":"2021-04-12T20:07:27","date_gmt":"2021-04-12T20:07:27","guid":{"rendered":"https:\/\/energeticsibiu.ro\/wordpress\/?p=292"},"modified":"2021-04-12T20:07:28","modified_gmt":"2021-04-12T20:07:28","slug":"2013-2","status":"publish","type":"post","link":"https:\/\/energeticsibiu.ro\/wordpress\/2013-2\/","title":{"rendered":"2013"},"content":{"rendered":"\n<p><strong>INVITA\u0162IE<\/strong><\/p>\n\n\n\n<p>Avem deosebita onoare de a v\u0103 invita s\u0103 lua\u0163i parte la&nbsp;<strong>SESIUNEA INTERNA\u0162IONAL\u0102 DE COMUNIC\u0102RI \u015eTIIN\u0162IFICE<\/strong><\/p>\n\n\n\n<p>&nbsp;&nbsp;&nbsp;&nbsp;&nbsp;&nbsp;&nbsp;&nbsp;<strong>\u201eEgalitatea de \u0219anse prin educa\u021bie\u201d<\/strong><\/p>\n\n\n\n<p>organizat\u0103 de&nbsp;<strong>Colegiul Tehnic Energetic Sibiu, Inspectoratul \u015ecolar&nbsp; al Jude\u0163ului Sibiu \u015fi Continental Automotive Systems Sibiu<\/strong>, \u00een data de &nbsp;<strong>24 Aprilie 2013<\/strong>, ora 9.00, la Sala&nbsp; \u201cHanovra\u201d a firmei Continental Automotive Systems Sibiu.<\/p>\n\n\n\n<p>Ata\u015f\u0103m programul lucr\u0103rilor.<strong><\/strong><\/p>\n\n\n\n<p>&nbsp;&nbsp;&nbsp;&nbsp;&nbsp;&nbsp;&nbsp;&nbsp;&nbsp;&nbsp;Sibiu, 08.03.2013&nbsp;&nbsp;&nbsp;&nbsp;&nbsp;&nbsp;&nbsp;&nbsp;&nbsp;&nbsp;&nbsp;&nbsp;&nbsp;&nbsp;&nbsp;&nbsp;&nbsp;&nbsp;&nbsp;&nbsp;&nbsp;&nbsp;&nbsp;&nbsp;&nbsp;&nbsp;&nbsp;&nbsp;&nbsp;&nbsp;&nbsp;&nbsp;&nbsp;&nbsp;&nbsp;&nbsp;&nbsp;&nbsp;&nbsp;&nbsp;&nbsp;&nbsp;&nbsp;&nbsp;&nbsp;&nbsp;&nbsp;&nbsp;&nbsp;&nbsp;&nbsp;&nbsp;&nbsp;&nbsp;&nbsp;&nbsp;DIRECTOR,&nbsp;&nbsp;&nbsp;&nbsp;&nbsp;&nbsp;&nbsp;&nbsp;&nbsp;&nbsp;&nbsp;&nbsp;&nbsp;&nbsp;&nbsp;&nbsp;&nbsp;&nbsp;&nbsp;&nbsp;&nbsp;&nbsp;&nbsp;&nbsp;&nbsp;&nbsp;&nbsp;&nbsp;&nbsp;&nbsp;&nbsp;&nbsp;&nbsp;&nbsp;&nbsp;&nbsp;&nbsp;&nbsp;&nbsp;&nbsp;&nbsp;&nbsp;&nbsp;&nbsp;&nbsp;&nbsp;&nbsp;&nbsp;&nbsp;&nbsp;&nbsp;&nbsp;&nbsp;&nbsp;&nbsp;&nbsp;&nbsp;&nbsp;&nbsp;&nbsp;&nbsp;&nbsp;&nbsp;&nbsp;&nbsp;&nbsp;&nbsp;&nbsp;&nbsp;&nbsp;&nbsp;&nbsp;&nbsp;&nbsp;&nbsp;&nbsp;&nbsp;&nbsp;&nbsp;&nbsp;&nbsp;&nbsp;&nbsp;&nbsp;&nbsp;&nbsp;&nbsp;&nbsp;&nbsp;&nbsp;&nbsp;&nbsp;&nbsp;&nbsp;&nbsp;&nbsp;&nbsp;&nbsp;&nbsp;&nbsp;&nbsp;&nbsp;&nbsp;&nbsp;&nbsp;&nbsp;&nbsp;&nbsp;&nbsp;&nbsp;&nbsp;&nbsp;&nbsp;&nbsp;&nbsp;&nbsp;&nbsp;&nbsp;&nbsp;&nbsp;&nbsp;&nbsp;&nbsp;&nbsp;&nbsp;&nbsp;Prof. dr. VOLOSCIUC Sorin Dan&nbsp;&nbsp;&nbsp;&nbsp;&nbsp;&nbsp;<\/p>\n\n\n\n<p><a href=\"http:\/\/energeticsibiu.ro\/Sesiunea%20de%20comunicari%20stiintifice%20COLEGIUL%20TEHNIC%20ENERGETIC%20-%2024%20Aprilie%202013.rar\">Program&nbsp;Sesiune&nbsp;comunicari&nbsp;Colegiul&nbsp;Tehnic&nbsp;ENERGETIC SIBIU &#8211; 24&nbsp;Aprilie&nbsp;2013<\/a><\/p>\n","protected":false},"excerpt":{"rendered":"<p>INVITA\u0162IE Avem deosebita onoare de a v\u0103 invita s\u0103 lua\u0163i parte la&nbsp;SESIUNEA INTERNA\u0162IONAL\u0102 DE COMUNIC\u0102RI \u015eTIIN\u0162IFICE &nbsp;&nbsp;&nbsp;&nbsp;&nbsp;&nbsp;&nbsp;&nbsp;\u201eEgalitatea de \u0219anse prin educa\u021bie\u201d organizat\u0103 de&nbsp;Colegiul Tehnic Energetic Sibiu, Inspectoratul \u015ecolar&nbsp; al Jude\u0163ului [&hellip;]<\/p>\n","protected":false},"author":1,"featured_media":0,"comment_status":"open","ping_status":"open","sticky":false,"template":"","format":"standard","meta":{"footnotes":""},"categories":[10],"tags":[],"class_list":["post-292","post","type-post","status-publish","format-standard","hentry","category-sesiuni-de-comunicari"],"_links":{"self":[{"href":"https:\/\/energeticsibiu.ro\/wordpress\/wp-json\/wp\/v2\/posts\/292","targetHints":{"allow":["GET"]}}],"collection":[{"href":"https:\/\/energeticsibiu.ro\/wordpress\/wp-json\/wp\/v2\/posts"}],"about":[{"href":"https:\/\/energeticsibiu.ro\/wordpress\/wp-json\/wp\/v2\/types\/post"}],"author":[{"embeddable":true,"href":"https:\/\/energeticsibiu.ro\/wordpress\/wp-json\/wp\/v2\/users\/1"}],"replies":[{"embeddable":true,"href":"https:\/\/energeticsibiu.ro\/wordpress\/wp-json\/wp\/v2\/comments?post=292"}],"version-history":[{"count":1,"href":"https:\/\/energeticsibiu.ro\/wordpress\/wp-json\/wp\/v2\/posts\/292\/revisions"}],"predecessor-version":[{"id":293,"href":"https:\/\/energeticsibiu.ro\/wordpress\/wp-json\/wp\/v2\/posts\/292\/revisions\/293"}],"wp:attachment":[{"href":"https:\/\/energeticsibiu.ro\/wordpress\/wp-json\/wp\/v2\/media?parent=292"}],"wp:term":[{"taxonomy":"category","embeddable":true,"href":"https:\/\/energeticsibiu.ro\/wordpress\/wp-json\/wp\/v2\/categories?post=292"},{"taxonomy":"post_tag","embeddable":true,"href":"https:\/\/energeticsibiu.ro\/wordpress\/wp-json\/wp\/v2\/tags?post=292"}],"curies":[{"name":"wp","href":"https:\/\/api.w.org\/{rel}","templated":true}]}}