{"id":267,"date":"2021-04-12T19:53:48","date_gmt":"2021-04-12T19:53:48","guid":{"rendered":"https:\/\/energeticsibiu.ro\/wordpress\/?p=267"},"modified":"2021-04-12T19:53:49","modified_gmt":"2021-04-12T19:53:49","slug":"mobilitati-2","status":"publish","type":"post","link":"https:\/\/energeticsibiu.ro\/wordpress\/mobilitati-2\/","title":{"rendered":"Mobilitati"},"content":{"rendered":"\n<p><strong>Human<\/strong><strong>&nbsp;Ressource Management in Education Institutions<\/strong><strong>&nbsp;&#8211; GRU-13-MOF-376-SB-CZ<\/strong><strong><\/strong><\/p>\n\n\n\n<p>\u00cen&nbsp;perioada&nbsp;14&nbsp;iulie&nbsp;\u2013 19&nbsp;iulie&nbsp;2013,&nbsp;Volosciuc&nbsp;Sorin&nbsp;a&nbsp;participat&nbsp;la&nbsp;Mobilitatea&nbsp;de&nbsp;formare&nbsp;continu\u0103&nbsp;&nbsp;Grundtvig:&nbsp;<strong>Human<\/strong><strong>&nbsp;Ressource Management in Education Institutions<\/strong>,&nbsp;num\u0103r&nbsp;de&nbsp;referin\u0163\u0103&nbsp;<strong>GRU-13-MOF-376-SB-CZ,<\/strong>&nbsp;organizat&nbsp;de&nbsp;ITC &#8211; International TEFL&nbsp;Certificate, la Praga,&nbsp;Republica&nbsp;Ceh\u0103.<\/p>\n\n\n\n<p><strong>Grantul<\/strong><strong>&nbsp;a&nbsp;fost&nbsp;finantat&nbsp;de&nbsp;Comisia&nbsp;Europeana&nbsp;\u015fi&nbsp;gestionat&nbsp;de &nbsp;ANPCDEFP,&nbsp;&nbsp;actiunea&nbsp;Grundtvig.<\/strong><strong>&nbsp;<\/strong><\/p>\n\n\n\n<p><strong>Obiectivele<\/strong><strong>&nbsp;cursului&nbsp;au&nbsp;fost:<\/strong><\/p>\n\n\n\n<p>\u00b7&nbsp;&nbsp;&nbsp;&nbsp;&nbsp;&nbsp;&nbsp;&nbsp;&nbsp;Auto-con\u0219tientizarea&nbsp;importan\u021bei&nbsp;managementului&nbsp;resurselor&nbsp;umane&nbsp;\u00een&nbsp;institu\u021biile&nbsp;de&nbsp;\u00eenv\u0103\u021b\u0103m\u00e2nt;<\/p>\n\n\n\n<p>\u00b7&nbsp;&nbsp;&nbsp;&nbsp;&nbsp;&nbsp;&nbsp;&nbsp;&nbsp;Cunoa\u015fterea&nbsp;metodelor&nbsp;\u0219i&nbsp;abord\u0103rilor&nbsp;eficiente&nbsp;\u00een&nbsp;managementul&nbsp;resurselor&nbsp;umane;<\/p>\n\n\n\n<p>\u00b7&nbsp;&nbsp;&nbsp;&nbsp;&nbsp;&nbsp;&nbsp;&nbsp;&nbsp;Cunoa\u015fterea&nbsp;instrumentelor&nbsp;de&nbsp;gestionare&nbsp;eficient\u0103&nbsp;a&nbsp;resurselor&nbsp;umane&nbsp;\u0219i&nbsp;aplica\u021bii&nbsp;practice;<\/p>\n\n\n\n<p>\u00b7&nbsp;&nbsp;&nbsp;&nbsp;&nbsp;&nbsp;&nbsp;&nbsp;&nbsp;\u00cembun\u0103\u0163\u0103\u0163irea&nbsp;experien\u0163ei&nbsp;prin&nbsp;abordarea&nbsp;studiilor&nbsp;de&nbsp;caz&nbsp;referitoare&nbsp;la&nbsp;&nbsp;gestionarea&nbsp;resurselor&nbsp;a&nbsp;diferitelor&nbsp;tipuri&nbsp;de&nbsp;organiza\u0163ii;<\/p>\n\n\n\n<p>\u00b7&nbsp;&nbsp;&nbsp;&nbsp;&nbsp;&nbsp;&nbsp;&nbsp;&nbsp;Cre\u0219terea&nbsp;gradului&nbsp;de&nbsp;con\u0219tientizare&nbsp;a&nbsp;rolului&nbsp;&nbsp;managementului&nbsp;resurselor&nbsp;umane&nbsp;\u00een&nbsp;institu\u021biile&nbsp;de&nbsp;\u00eenv\u0103\u021b\u0103m\u00e2nt<\/p>\n\n\n\n<p>\u00b7&nbsp;&nbsp;&nbsp;&nbsp;&nbsp;&nbsp;&nbsp;&nbsp;&nbsp;Dob\u00e2ndirea&nbsp;de&nbsp;abilit\u0103\u0163i&nbsp;de&nbsp;comunicare&nbsp;a&nbsp;managerilor&nbsp;din&nbsp;domeniul&nbsp;educa\u0163iei&nbsp;adul\u0163ilor;<\/p>\n\n\n\n<p>\u00b7&nbsp;&nbsp;&nbsp;&nbsp;&nbsp;&nbsp;&nbsp;&nbsp;&nbsp;Dezvoltarea&nbsp;procesului&nbsp;de&nbsp;comunicare&nbsp;\u00een&nbsp;cadrul&nbsp;organiza\u0163iilor&nbsp;implicate&nbsp;\u00een&nbsp;educa\u0163ia&nbsp;adul\u0163ilor;<\/p>\n\n\n\n<p>\u00b7&nbsp;&nbsp;&nbsp;&nbsp;&nbsp;&nbsp;&nbsp;&nbsp;&nbsp;Schimbul&nbsp;de&nbsp;experien\u0163\u0103&nbsp;\u015fi&nbsp;prezentarea&nbsp;de&nbsp;modele&nbsp;de&nbsp;bun\u0103&nbsp;practic\u0103&nbsp;de&nbsp;c\u0103tre&nbsp;participan\u0163ii&nbsp;la&nbsp;cursul&nbsp;de&nbsp;formare;<\/p>\n\n\n\n<p>\u00b7&nbsp;&nbsp;&nbsp;&nbsp;&nbsp;&nbsp;&nbsp;&nbsp;&nbsp;Dezvoltarea&nbsp;cooper\u0103rii&nbsp;\u00eentre&nbsp;organiza\u0163iile&nbsp;implicate&nbsp;\u00een&nbsp;educa\u0163ia&nbsp;adul\u0163ilor&nbsp;din&nbsp;Europa;<\/p>\n\n\n\n<figure class=\"wp-block-image\"><img decoding=\"async\" src=\"http:\/\/energeticsibiu.ro\/mobilitati%20de%20formare%20continua.files\/image021.jpg\" alt=\"IMG-20130716-00453\"\/><\/figure>\n\n\n\n<p>Au&nbsp;fost&nbsp;folosite:&nbsp;metode&nbsp;de&nbsp;predare&nbsp;iteractiv\u0103&nbsp;\u00een&nbsp;cadrul&nbsp;orelor&nbsp;de curs,&nbsp;jocuri&nbsp;de&nbsp;rol,&nbsp;foarte&nbsp;multe&nbsp;studii&nbsp;de&nbsp;caz,&nbsp;chestionare,&nbsp;r\u0103spunsuri&nbsp;sugerate, care au&nbsp;fost&nbsp;ulterior&nbsp;comentate.<\/p>\n\n\n\n<p>\u00cen&nbsp;general&nbsp;studiile&nbsp;de&nbsp;caz&nbsp;au&nbsp;fost&nbsp;discutate&nbsp;pe&nbsp;grupe&nbsp;de&nbsp;lucru,&nbsp;iar&nbsp;fiecare&nbsp;grup\u0103&nbsp;\u00ee\u015fi&nbsp;prezenta&nbsp;concluziile&nbsp;\u015fi&nbsp;comentariile.<\/p>\n\n\n\n<p>La&nbsp;acest&nbsp;eveniment&nbsp;au&nbsp;participat&nbsp;5 de&nbsp;cursanti&nbsp;&nbsp;din&nbsp;4&nbsp;\u0163ari&nbsp;(Spania,&nbsp;Fran\u0163a,&nbsp;Rom\u00e2nia&nbsp;\u015fi&nbsp;Turcia).<\/p>\n\n\n\n<p><strong>Activit\u0103\u0163ile<\/strong><strong>&nbsp;cursului&nbsp;au&nbsp;fost:<\/strong><\/p>\n\n\n\n<p>\u00b7&nbsp;&nbsp;&nbsp;&nbsp;&nbsp;&nbsp;&nbsp;&nbsp;&nbsp;Modulul&nbsp;1 \u2013&nbsp;Defini\u0163ii&nbsp;din&nbsp;domeniul&nbsp;managementului&nbsp;resurselor&nbsp;umane;<\/p>\n\n\n\n<p>\u00b7&nbsp;&nbsp;&nbsp;&nbsp;&nbsp;&nbsp;&nbsp;&nbsp;&nbsp;Modulul&nbsp;2 \u2013&nbsp;&nbsp;Analize&nbsp;SWOT;<\/p>\n\n\n\n<p>\u00b7&nbsp;&nbsp;&nbsp;&nbsp;&nbsp;&nbsp;&nbsp;&nbsp;&nbsp;Modulul&nbsp;3 \u2013&nbsp;&nbsp;Studii&nbsp;de&nbsp;caz&nbsp;din&nbsp;domeniul&nbsp;managementului&nbsp;resurselor&nbsp;umane;<\/p>\n\n\n\n<p>\u00b7&nbsp;&nbsp;&nbsp;&nbsp;&nbsp;&nbsp;&nbsp;&nbsp;&nbsp;Modulul&nbsp;4 \u2013&nbsp;&nbsp;Construirea&nbsp;echipei;<\/p>\n\n\n\n<p>\u00b7&nbsp;&nbsp;&nbsp;&nbsp;&nbsp;&nbsp;&nbsp;&nbsp;&nbsp;Modulul&nbsp;5 \u2013&nbsp;&nbsp;Motivarea;<\/p>\n\n\n\n<p>\u00b7&nbsp;&nbsp;&nbsp;&nbsp;&nbsp;&nbsp;&nbsp;&nbsp;&nbsp;Modulul&nbsp;6 \u2013&nbsp;&nbsp;Angajamentul&nbsp;echipei;<\/p>\n\n\n\n<p>\u00b7&nbsp;&nbsp;&nbsp;&nbsp;&nbsp;&nbsp;&nbsp;&nbsp;&nbsp;Modulul&nbsp;7 \u2013&nbsp;&nbsp;Activit\u0103\u0163i&nbsp;de leadership;<\/p>\n\n\n\n<p>\u00b7&nbsp;&nbsp;&nbsp;&nbsp;&nbsp;&nbsp;&nbsp;&nbsp;&nbsp;Modulul&nbsp;8 \u2013&nbsp;Abilit\u0103\u0163i&nbsp;de&nbsp;comunicare;<\/p>\n\n\n\n<p>\u00b7&nbsp;&nbsp;&nbsp;&nbsp;&nbsp;&nbsp;&nbsp;&nbsp;&nbsp;Modulul&nbsp;9 \u2013&nbsp;Abilit\u0103\u0163i&nbsp;de&nbsp;negociere;<\/p>\n\n\n\n<p>\u00b7&nbsp;&nbsp;&nbsp;&nbsp;&nbsp;&nbsp;&nbsp;&nbsp;&nbsp;Modulul&nbsp;10 \u2013&nbsp;Formare&nbsp;\u015fi&nbsp;dezvoltare;<\/p>\n\n\n\n<p>\u00b7&nbsp;&nbsp;&nbsp;&nbsp;&nbsp;&nbsp;&nbsp;&nbsp;&nbsp;Modulul&nbsp;11 \u2013&nbsp;Antrenare&nbsp;\u015fi&nbsp;dezvoltare;<\/p>\n\n\n\n<p>\u00b7&nbsp;&nbsp;&nbsp;&nbsp;&nbsp;&nbsp;&nbsp;&nbsp;&nbsp;Modulul&nbsp;12 \u2013&nbsp;Jocuri&nbsp;de&nbsp;rol;<\/p>\n\n\n\n<p>\u00b7&nbsp;&nbsp;&nbsp;&nbsp;&nbsp;&nbsp;&nbsp;&nbsp;&nbsp;Modulul&nbsp;13 \u2013&nbsp;Studii&nbsp;de&nbsp;caz;<\/p>\n\n\n\n<p>\u00b7&nbsp;&nbsp;&nbsp;&nbsp;&nbsp;&nbsp;&nbsp;&nbsp;&nbsp;Modulul&nbsp;14 \u2013&nbsp;Discu\u0163ii.<\/p>\n\n\n\n<figure class=\"wp-block-image\"><img decoding=\"async\" src=\"http:\/\/energeticsibiu.ro\/mobilitati%20de%20formare%20continua.files\/image022.gif\" alt=\"\"\/><\/figure>\n\n\n\n<p><strong>Planning and Managing European Projects<\/strong><strong>&nbsp;&#8211; COM-<\/strong><strong>11-431-CG-AT<\/strong><\/p>\n\n\n\n<p>\u00cen&nbsp;perioada&nbsp;22 august \u2013 26 august&nbsp;&nbsp;2011,&nbsp;Volosciuc&nbsp;Sorin&nbsp;Dan a&nbsp;participat&nbsp;la&nbsp;Cursul&nbsp;de&nbsp;formare&nbsp;Comenius :&nbsp;<strong>Planning and Managing European Projects<\/strong>,&nbsp;num\u0103r&nbsp;de&nbsp;referin\u0163\u0103&nbsp;<strong>COM-<\/strong><strong>11-431-CG-AT<\/strong>,&nbsp;organizat&nbsp;de&nbsp;Europ\u00e4ische Bildungsinitiative \/ European Initiative for Education, la Wiener Neustadt,&nbsp;Austria.<\/p>\n\n\n\n<p><strong>Grantul<\/strong><strong>&nbsp;a&nbsp;fost&nbsp;finantat&nbsp;de&nbsp;Comisia&nbsp;Europeana&nbsp;\u015fi&nbsp;gestionat&nbsp;de &nbsp;ANPCDEFP,&nbsp;&nbsp;actiunea&nbsp;Comenius.<\/strong><strong>&nbsp;<\/strong><\/p>\n\n\n\n<p><strong>Activit\u0103\u0163ile<\/strong><strong>&nbsp;cursului&nbsp;au&nbsp;avut&nbsp;ca&nbsp;puncte&nbsp;centrale:&nbsp;ini\u0163ierea,&nbsp;planificarea,&nbsp;realizarea,&nbsp;monitorizarea,&nbsp;controlul&nbsp;\u015fi&nbsp;evaluarea&nbsp;proiectelor&nbsp;europene.<\/strong><\/p>\n\n\n\n<p>Institu\u0163ia&nbsp;organizatoare,&nbsp;Europaische&nbsp;Bildungsinitiative\/ European Initiative for Education, a&nbsp;dezvoltat&nbsp;prin&nbsp;formatorii&nbsp;ei,&nbsp;\u00een&nbsp;cele&nbsp;25 de ore de curs, o&nbsp;analiz\u0103&nbsp;a&nbsp;tuturor&nbsp;etapelor&nbsp;unui&nbsp;proiect, a&nbsp;obstacolelor&nbsp;\u015fi&nbsp;problemelor&nbsp;care pot&nbsp;ap\u0103rea&nbsp;\u00een&nbsp;derularea&nbsp;proiectelor,&nbsp;dar&nbsp;&nbsp;a&nbsp;oferit&nbsp;\u015fi&nbsp;modalit\u0103\u0163i&nbsp;practice de a le&nbsp;dep\u0103\u015fi,&nbsp;multe&nbsp;din&nbsp;ele&nbsp;izvor\u00e2te&nbsp;din&nbsp;experien\u0163a&nbsp;practic\u0103&nbsp;a&nbsp;formatorilor&nbsp;de curs care&nbsp;erau&nbsp;evaluatori&nbsp;na\u0163ionali&nbsp;de&nbsp;proiecte&nbsp;\u00een&nbsp;Austria.<\/p>\n\n\n\n<figure class=\"wp-block-image\"><img decoding=\"async\" src=\"http:\/\/energeticsibiu.ro\/mobilitati%20de%20formare%20continua.files\/image023.jpg\" alt=\"DSC_0291\"\/><\/figure>\n\n\n\n<figure class=\"wp-block-image\"><img decoding=\"async\" src=\"http:\/\/energeticsibiu.ro\/mobilitati%20de%20formare%20continua.files\/image024.jpg\" alt=\"DSC_0284\"\/><\/figure>\n\n\n\n<p>Au&nbsp;fost&nbsp;folosite&nbsp;metode&nbsp;de&nbsp;predare&nbsp;iteractiv\u0103&nbsp;\u00een&nbsp;cadrul&nbsp;orelor&nbsp;de curs,&nbsp;jocuri&nbsp;de&nbsp;rol,&nbsp;foarte&nbsp;multe&nbsp;studii&nbsp;de&nbsp;caz,&nbsp;chestionare,&nbsp;r\u0103spunsuri&nbsp;sugerate, care au&nbsp;fost&nbsp;ulterior&nbsp;comentate.<\/p>\n\n\n\n<p>\u00cen&nbsp;general&nbsp;studiile&nbsp;de&nbsp;caz&nbsp;au&nbsp;fost&nbsp;discutate&nbsp;pe&nbsp;grupe&nbsp;de&nbsp;lucru,&nbsp;iar&nbsp;fiecare&nbsp;grup\u0103&nbsp;\u00ee\u015fi&nbsp;prezenta&nbsp;concluziile&nbsp;\u015fi&nbsp;comentariile.<\/p>\n\n\n\n<p>Evaluarea&nbsp;final\u0103, din&nbsp;ultima&nbsp;zi&nbsp;de curs, a&nbsp;constat&nbsp;\u00een&nbsp;realizarea&nbsp;pe&nbsp;grupe&nbsp;de&nbsp;lucru&nbsp;a&nbsp;&nbsp;unui&nbsp;proiect&nbsp;multilateral de tip Comenius,&nbsp;pe&nbsp;o&nbsp;tem\u0103&nbsp;dat\u0103,&nbsp;\u00eentre&nbsp;mai&nbsp;multe&nbsp;\u015fcoli&nbsp;europene.<\/p>\n\n\n\n<p>Pe&nbsp;l\u00e2ng\u0103&nbsp;instruirea&nbsp;\u00een&nbsp;domeniul&nbsp;proiectelor&nbsp;europene&nbsp;de&nbsp;adev\u0103ra\u0163i&nbsp;profesioni\u015fti&nbsp;\u00een&nbsp;domeniu,&nbsp;participan\u0163ii&nbsp;la&nbsp;curs&nbsp;au&nbsp;beneficiat&nbsp;de&nbsp;stabilirea&nbsp;de&nbsp;contacte&nbsp;cu&nbsp;profesorii&nbsp;din&nbsp;alte&nbsp;\u0163\u0103ri&nbsp;europene&nbsp;\u015fi&nbsp;\u015fi-au&nbsp;exersat&nbsp;abilit\u0103\u0163ile&nbsp;de&nbsp;limba&nbsp;englez\u0103,&nbsp;aceasta&nbsp;fiind&nbsp;limba&nbsp;de&nbsp;sus\u0163inere&nbsp;a&nbsp;cursului.<\/p>\n\n\n\n<p>De&nbsp;asemenea,&nbsp;mai&nbsp;putem&nbsp;vorbi&nbsp;\u015fi&nbsp;de&nbsp;avantajele&nbsp;culturale&nbsp;ale&nbsp;participan\u0163ilor&nbsp;care au&nbsp;luat&nbsp;contact direct cu&nbsp;civiliza\u0163ia&nbsp;\u015fi&nbsp;istoria&nbsp;ora\u015fului&nbsp;Wiener&nbsp;Neustadt.<\/p>\n\n\n\n<p>La&nbsp;acest&nbsp;curs de&nbsp;formare&nbsp;au&nbsp;participat&nbsp;19 de&nbsp;cursanti&nbsp;&nbsp;din&nbsp;5&nbsp;tari&nbsp;(Spania,&nbsp;Suedia,&nbsp;Rom\u00e2nia,&nbsp;Grecia,&nbsp;Turcia).<\/p>\n\n\n\n<p><strong>Roman Culture in&nbsp;Vesuvian&nbsp;area: the roots of European culture &#8211; COM-<\/strong><strong>11-1783-CG-IT<\/strong><strong><\/strong><\/p>\n\n\n\n<p>&nbsp;&nbsp;&nbsp;&nbsp;&nbsp;&nbsp;&nbsp;&nbsp;&nbsp;&nbsp;&nbsp;&nbsp;\u00cen&nbsp;perioada&nbsp;&nbsp;9 mai-13&nbsp;mai&nbsp;2011,&nbsp;T\u0103ma\u015f&nbsp;Nicolae&nbsp;Bogdan&nbsp;a&nbsp;participat&nbsp;la&nbsp;Cursul&nbsp;de&nbsp;formare&nbsp;Comenius&nbsp;&nbsp;<strong>Roman Culture in&nbsp;Vesuvian&nbsp;area: the roots of European culture,&nbsp;<\/strong>num\u0103r&nbsp;de&nbsp;referin\u0163\u0103&nbsp;<strong>COM-<\/strong><strong>11-1783-CG-IT<\/strong>, organizat de c\u0103tre RAS FOUNDATION, Instituto Salesian, la Castellammare di Stabia, Italia.<\/p>\n\n\n\n<p>&nbsp;&nbsp;&nbsp;&nbsp;&nbsp;&nbsp;&nbsp;&nbsp;&nbsp;&nbsp;&nbsp;&nbsp;&nbsp;<strong>Grantul<\/strong><strong>&nbsp;a&nbsp;fost&nbsp;finantat&nbsp;de&nbsp;Comisia&nbsp;Europeana&nbsp;\u015fi&nbsp;gestionat&nbsp;de &nbsp;ANPCDEFP,&nbsp;&nbsp;actiunea&nbsp;&nbsp;COMENIUS.<\/strong><\/p>\n\n\n\n<figure class=\"wp-block-image\"><img decoding=\"async\" src=\"http:\/\/energeticsibiu.ro\/mobilitati%20de%20formare%20continua.files\/image025.jpg\" alt=\"ALEXANDRU cel MARE si DARIUS AL III-LEA\"\/><\/figure>\n\n\n\n<p><strong>Obiectivele<\/strong><strong>&nbsp;cursului&nbsp;au&nbsp;fost:<\/strong><\/p>\n\n\n\n<ul class=\"wp-block-list\"><li>Dob\u00e2ndirea&nbsp;de&nbsp;cuno\u015ftin\u0163e&nbsp;despre&nbsp;cultura&nbsp;\u015fi&nbsp;civiliza\u0163atia&nbsp;roman\u0103&nbsp;\u00een&nbsp;zona&nbsp;Vezuviului.<\/li><li>Cunoa\u015fterea&nbsp;\u015fi&nbsp;descoperirea&nbsp;vechilor&nbsp;ora\u015fe&nbsp;antice&nbsp;romane&nbsp;din&nbsp;zona&nbsp;Golfului&nbsp;Napoli,&nbsp;c\u00e2t&nbsp;\u015fi&nbsp;catastrofa&nbsp;natural\u0103&nbsp;produs\u0103&nbsp;in&nbsp;anul&nbsp;79&nbsp;d.Hr.<\/li><li>Schimbul&nbsp;de&nbsp;informa\u0163ii&nbsp;\u00eentre&nbsp;participan\u0163i&nbsp;&nbsp;cu&nbsp;privire&nbsp;la&nbsp;predarea&nbsp;\u00een&nbsp;\u015fcoal\u0103&nbsp;a&nbsp;istoriei&nbsp;Romei&nbsp;antice.<\/li><\/ul>\n\n\n\n<p>Au&nbsp;fost&nbsp;folosite:&nbsp;metoda&nbsp;expunerii&nbsp;prin&nbsp;diapozitive&nbsp;\u015fi&nbsp;filme&nbsp;documentare,&nbsp;studii&nbsp;de&nbsp;caz, in final&nbsp;av\u00e2nd&nbsp;loc&nbsp;un&nbsp;examen&nbsp;cu&nbsp;privire&nbsp;la&nbsp;cuno\u015ftin\u0163ele&nbsp;dob\u00e2ndite&nbsp;in&nbsp;sala&nbsp;de curs&nbsp;c\u00e2t&nbsp;\u015fi&nbsp;pe&nbsp;teren.<\/p>\n\n\n\n<p>&nbsp;&nbsp;&nbsp;&nbsp;Au&nbsp;fost&nbsp;vizitate&nbsp;siturile&nbsp;arheologice&nbsp;de la&nbsp;Pompei,&nbsp;Stabiae, Herculaneum,&nbsp;Oplonti,&nbsp;Boscoreale&nbsp;\u015fi&nbsp;Muzeul&nbsp;de&nbsp;Arheologie&nbsp;din Napoli.<\/p>\n\n\n\n<figure class=\"wp-block-image\"><img decoding=\"async\" src=\"http:\/\/energeticsibiu.ro\/mobilitati%20de%20formare%20continua.files\/image010.jpg\" alt=\"HERCULE\"\/><\/figure>\n\n\n\n<p>La&nbsp;acest&nbsp;eveniment&nbsp;au&nbsp;participat&nbsp;4 de&nbsp;cursanti&nbsp;&nbsp;din&nbsp;4&nbsp;\u0163\u0103ri&nbsp;(&nbsp;Rom\u00e2nia, Germania, Slovenia,&nbsp;Republica&nbsp;Ceh\u0103&nbsp;).<\/p>\n\n\n\n<p><strong>Soft Skills for Education Providers &#8211; GRU-11-MOF-49-SB-CZ<\/strong><\/p>\n\n\n\n<p>\u00cen&nbsp;perioada&nbsp;10&nbsp;iulie&nbsp;\u2013 16&nbsp;iulie&nbsp;2011,&nbsp;Volosciuc&nbsp;Sorin&nbsp;Dan a&nbsp;participat&nbsp;la&nbsp;Cursul&nbsp;de&nbsp;formare&nbsp;Grundtvig&nbsp;:&nbsp;<strong>Soft Skills for Education Providers<\/strong>,&nbsp;num\u0103r&nbsp;de&nbsp;referin\u0163\u0103&nbsp;<strong>GRU-11-MOF-49-SB-CZ<\/strong>,&nbsp;organizat&nbsp;de&nbsp;ITC &#8211; International TEFL&nbsp;Certificate, la Praga,&nbsp;Republica&nbsp;Ceh\u0103.<\/p>\n\n\n\n<p><strong>Grantul<\/strong><strong>&nbsp;a&nbsp;fost&nbsp;finantat&nbsp;de&nbsp;Comisia&nbsp;Europeana&nbsp;\u015fi&nbsp;gestionat&nbsp;de &nbsp;ANPCDEFP,&nbsp;&nbsp;actiunea&nbsp;Grundtvig.<\/strong><strong>&nbsp;<\/strong><\/p>\n\n\n\n<figure class=\"wp-block-image\"><img decoding=\"async\" src=\"http:\/\/energeticsibiu.ro\/mobilitati%20de%20formare%20continua.files\/image026.jpg\" alt=\"Fotografie0119\"\/><\/figure>\n\n\n\n<figure class=\"wp-block-image\"><img decoding=\"async\" src=\"http:\/\/energeticsibiu.ro\/mobilitati%20de%20formare%20continua.files\/image027.jpg\" alt=\"Fotografie0121\"\/><\/figure>\n\n\n\n<p><strong>Obiectivele<\/strong><strong>&nbsp;cursului&nbsp;au&nbsp;fost:<\/strong><strong><\/strong><\/p>\n\n\n\n<p>-Dob\u00e2ndirea&nbsp;de&nbsp;abilit\u0103\u0163i&nbsp;de&nbsp;comunicare&nbsp;a&nbsp;managerilor&nbsp;din&nbsp;domeniul&nbsp;educa\u0163iei&nbsp;adul\u0163ilor;<\/p>\n\n\n\n<p>-Dezvoltarea&nbsp;procesului&nbsp;de&nbsp;comunicare&nbsp;\u00een&nbsp;cadrul&nbsp;organiza\u0163iilor&nbsp;implicate&nbsp;\u00een&nbsp;educa\u0163ia&nbsp;adul\u0163ilor;<\/p>\n\n\n\n<p>-\u00cembun\u0103t\u0103\u0163irea&nbsp;competen\u0163elor&nbsp;de&nbsp;comunicare&nbsp;a&nbsp;utilizatorilor&nbsp;programelor&nbsp;de&nbsp;\u00eenv\u0103\u0163are&nbsp;pe&nbsp;tot&nbsp;parcursul&nbsp;vie\u0163ii&nbsp;pentru&nbsp;\u00eencurajarea&nbsp;dezvolt\u0103rii&nbsp;pie\u0163ei&nbsp;muncii;<\/p>\n\n\n\n<p>-Schimbul&nbsp;de&nbsp;experien\u0163\u0103&nbsp;\u015fi&nbsp;prezentarea&nbsp;de&nbsp;bune&nbsp;practic\u0103&nbsp;de&nbsp;c\u0103tre&nbsp;participan\u0163ii&nbsp;la&nbsp;cursul&nbsp;de&nbsp;formare;<\/p>\n\n\n\n<p>-Dezvoltarea&nbsp;cooper\u0103rii&nbsp;\u00eentre&nbsp;organiza\u0163iile&nbsp;implicate&nbsp;\u00een&nbsp;educa\u0163ia&nbsp;adul\u0163ilor&nbsp;din&nbsp;Europa;<\/p>\n\n\n\n<p>Au&nbsp;fost&nbsp;folosite:&nbsp;metode&nbsp;de&nbsp;predare&nbsp;iteractiv\u0103&nbsp;\u00een&nbsp;cadrul&nbsp;orelor&nbsp;de curs,&nbsp;jocuri&nbsp;de&nbsp;rol,&nbsp;foarte&nbsp;multe&nbsp;studii&nbsp;de&nbsp;caz,&nbsp;scenete,&nbsp;prezent\u0103ri&nbsp;de&nbsp;filmule\u0163e&nbsp;despre&nbsp;limbajul&nbsp;nonverbal,&nbsp;multe&nbsp;chestionare,&nbsp;r\u0103spunsuri&nbsp;sugerate, care au&nbsp;fost&nbsp;ulterior&nbsp;comentate.<\/p>\n\n\n\n<figure class=\"wp-block-image\"><img decoding=\"async\" src=\"http:\/\/energeticsibiu.ro\/mobilitati%20de%20formare%20continua.files\/image028.jpg\" alt=\"Fotografie0124\"\/><\/figure>\n\n\n\n<figure class=\"wp-block-image\"><img decoding=\"async\" src=\"http:\/\/energeticsibiu.ro\/mobilitati%20de%20formare%20continua.files\/image029.jpg\" alt=\"Fotografie0125\"\/><\/figure>\n\n\n\n<p>\u00cen&nbsp;general&nbsp;studiile&nbsp;de&nbsp;caz&nbsp;au&nbsp;fost&nbsp;discutate&nbsp;pe&nbsp;grupe&nbsp;de&nbsp;lucru,&nbsp;iar&nbsp;fiecare&nbsp;grup\u0103&nbsp;\u00ee\u015fi&nbsp;prezenta&nbsp;concluzille&nbsp;\u015fi&nbsp;comentariile.<\/p>\n\n\n\n<p>La&nbsp;acest&nbsp;eveniment&nbsp;au&nbsp;participat&nbsp;7 de&nbsp;cursanti&nbsp;&nbsp;din&nbsp;3&nbsp;tari&nbsp;(&nbsp;Rom\u00e2nia,&nbsp;Grecia&nbsp;\u015fi&nbsp;Turcia).<\/p>\n\n\n\n<p><strong>Activit\u0103\u0163ile<\/strong><strong>&nbsp;cursului&nbsp;au&nbsp;fost:<\/strong><\/p>\n\n\n\n<p>\u00b7Modulul&nbsp;1 \u2013&nbsp;Comunicarea&nbsp;\u015fi&nbsp;\u015ftiin\u0163ele&nbsp;Kinesiei;<\/p>\n\n\n\n<p>\u00b7Modulul&nbsp;2 \u2013&nbsp;&nbsp;Abilit\u0103\u0163i&nbsp;de&nbsp;comunicare&nbsp;personal;<\/p>\n\n\n\n<p>\u00b7Modulul&nbsp;3 \u2013&nbsp;&nbsp;Abilit\u0103\u0163i&nbsp;de&nbsp;comunicare&nbsp;personale&nbsp;\u00een&nbsp;cadrul&nbsp;ierarhiei;<\/p>\n\n\n\n<p>\u00b7Modulul&nbsp;4 \u2013&nbsp;&nbsp;Abilit\u0103\u0163i&nbsp;de&nbsp;rezvolvarea&nbsp;problemelor;<\/p>\n\n\n\n<p>\u00b7Modulul&nbsp;5 \u2013&nbsp;&nbsp;Prezentarea&nbsp;abilit\u0103\u0163ilor&nbsp;\u015fi&nbsp;competen\u0163elor;<\/p>\n\n\n\n<p>\u00b7Modulul&nbsp;6 \u2013&nbsp;&nbsp;Deprinderi&nbsp;de&nbsp;realizarea&nbsp;proiectelor;<\/p>\n\n\n\n<p>\u00b7Modulul&nbsp;7 \u2013&nbsp;&nbsp;Deprinderi&nbsp;de&nbsp;negociere;<\/p>\n\n\n\n<p>\u00b7Modulul&nbsp;8 \u2013&nbsp;&nbsp;Abilit\u0103\u0163i&nbsp;\u015fi&nbsp;deprinderi&nbsp;cumulative,&nbsp;integrarea&nbsp;lor.<\/p>\n\n\n\n<figure class=\"wp-block-image\"><img decoding=\"async\" src=\"http:\/\/energeticsibiu.ro\/mobilitati%20de%20formare%20continua.files\/image030.jpg\" alt=\"Fotografie0114\"\/><\/figure>\n","protected":false},"excerpt":{"rendered":"<p>Human&nbsp;Ressource Management in Education Institutions&nbsp;&#8211; GRU-13-MOF-376-SB-CZ \u00cen&nbsp;perioada&nbsp;14&nbsp;iulie&nbsp;\u2013 19&nbsp;iulie&nbsp;2013,&nbsp;Volosciuc&nbsp;Sorin&nbsp;a&nbsp;participat&nbsp;la&nbsp;Mobilitatea&nbsp;de&nbsp;formare&nbsp;continu\u0103&nbsp;&nbsp;Grundtvig:&nbsp;Human&nbsp;Ressource Management in Education Institutions,&nbsp;num\u0103r&nbsp;de&nbsp;referin\u0163\u0103&nbsp;GRU-13-MOF-376-SB-CZ,&nbsp;organizat&nbsp;de&nbsp;ITC &#8211; International TEFL&nbsp;Certificate, la Praga,&nbsp;Republica&nbsp;Ceh\u0103. Grantul&nbsp;a&nbsp;fost&nbsp;finantat&nbsp;de&nbsp;Comisia&nbsp;Europeana&nbsp;\u015fi&nbsp;gestionat&nbsp;de &nbsp;ANPCDEFP,&nbsp;&nbsp;actiunea&nbsp;Grundtvig.&nbsp; Obiectivele&nbsp;cursului&nbsp;au&nbsp;fost: \u00b7&nbsp;&nbsp;&nbsp;&nbsp;&nbsp;&nbsp;&nbsp;&nbsp;&nbsp;Auto-con\u0219tientizarea&nbsp;importan\u021bei&nbsp;managementului&nbsp;resurselor&nbsp;umane&nbsp;\u00een&nbsp;institu\u021biile&nbsp;de&nbsp;\u00eenv\u0103\u021b\u0103m\u00e2nt; \u00b7&nbsp;&nbsp;&nbsp;&nbsp;&nbsp;&nbsp;&nbsp;&nbsp;&nbsp;Cunoa\u015fterea&nbsp;metodelor&nbsp;\u0219i&nbsp;abord\u0103rilor&nbsp;eficiente&nbsp;\u00een&nbsp;managementul&nbsp;resurselor&nbsp;umane; \u00b7&nbsp;&nbsp;&nbsp;&nbsp;&nbsp;&nbsp;&nbsp;&nbsp;&nbsp;Cunoa\u015fterea&nbsp;instrumentelor&nbsp;de&nbsp;gestionare&nbsp;eficient\u0103&nbsp;a&nbsp;resurselor&nbsp;umane&nbsp;\u0219i&nbsp;aplica\u021bii&nbsp;practice; \u00b7&nbsp;&nbsp;&nbsp;&nbsp;&nbsp;&nbsp;&nbsp;&nbsp;&nbsp;\u00cembun\u0103\u0163\u0103\u0163irea&nbsp;experien\u0163ei&nbsp;prin&nbsp;abordarea&nbsp;studiilor&nbsp;de&nbsp;caz&nbsp;referitoare&nbsp;la&nbsp;&nbsp;gestionarea&nbsp;resurselor&nbsp;a&nbsp;diferitelor&nbsp;tipuri&nbsp;de&nbsp;organiza\u0163ii; \u00b7&nbsp;&nbsp;&nbsp;&nbsp;&nbsp;&nbsp;&nbsp;&nbsp;&nbsp;Cre\u0219terea&nbsp;gradului&nbsp;de&nbsp;con\u0219tientizare&nbsp;a&nbsp;rolului&nbsp;&nbsp;managementului&nbsp;resurselor&nbsp;umane&nbsp;\u00een&nbsp;institu\u021biile&nbsp;de&nbsp;\u00eenv\u0103\u021b\u0103m\u00e2nt \u00b7&nbsp;&nbsp;&nbsp;&nbsp;&nbsp;&nbsp;&nbsp;&nbsp;&nbsp;Dob\u00e2ndirea&nbsp;de&nbsp;abilit\u0103\u0163i&nbsp;de&nbsp;comunicare&nbsp;a&nbsp;managerilor&nbsp;din&nbsp;domeniul&nbsp;educa\u0163iei&nbsp;adul\u0163ilor; \u00b7&nbsp;&nbsp;&nbsp;&nbsp;&nbsp;&nbsp;&nbsp;&nbsp;&nbsp;Dezvoltarea&nbsp;procesului&nbsp;de&nbsp;comunicare&nbsp;\u00een&nbsp;cadrul&nbsp;organiza\u0163iilor&nbsp;implicate&nbsp;\u00een&nbsp;educa\u0163ia&nbsp;adul\u0163ilor; \u00b7&nbsp;&nbsp;&nbsp;&nbsp;&nbsp;&nbsp;&nbsp;&nbsp;&nbsp;Schimbul&nbsp;de&nbsp;experien\u0163\u0103&nbsp;\u015fi&nbsp;prezentarea&nbsp;de&nbsp;modele&nbsp;de&nbsp;bun\u0103&nbsp;practic\u0103&nbsp;de&nbsp;c\u0103tre&nbsp;participan\u0163ii&nbsp;la&nbsp;cursul&nbsp;de&nbsp;formare; \u00b7&nbsp;&nbsp;&nbsp;&nbsp;&nbsp;&nbsp;&nbsp;&nbsp;&nbsp;Dezvoltarea&nbsp;cooper\u0103rii&nbsp;\u00eentre&nbsp;organiza\u0163iile&nbsp;implicate&nbsp;\u00een&nbsp;educa\u0163ia&nbsp;adul\u0163ilor&nbsp;din&nbsp;Europa; Au&nbsp;fost&nbsp;folosite:&nbsp;metode&nbsp;de&nbsp;predare&nbsp;iteractiv\u0103&nbsp;\u00een&nbsp;cadrul&nbsp;orelor&nbsp;de [&hellip;]<\/p>\n","protected":false},"author":1,"featured_media":0,"comment_status":"open","ping_status":"open","sticky":false,"template":"","format":"standard","meta":{"footnotes":""},"categories":[9],"tags":[],"class_list":["post-267","post","type-post","status-publish","format-standard","hentry","category-formare-profesionala"],"_links":{"self":[{"href":"https:\/\/energeticsibiu.ro\/wordpress\/wp-json\/wp\/v2\/posts\/267","targetHints":{"allow":["GET"]}}],"collection":[{"href":"https:\/\/energeticsibiu.ro\/wordpress\/wp-json\/wp\/v2\/posts"}],"about":[{"href":"https:\/\/energeticsibiu.ro\/wordpress\/wp-json\/wp\/v2\/types\/post"}],"author":[{"embeddable":true,"href":"https:\/\/energeticsibiu.ro\/wordpress\/wp-json\/wp\/v2\/users\/1"}],"replies":[{"embeddable":true,"href":"https:\/\/energeticsibiu.ro\/wordpress\/wp-json\/wp\/v2\/comments?post=267"}],"version-history":[{"count":1,"href":"https:\/\/energeticsibiu.ro\/wordpress\/wp-json\/wp\/v2\/posts\/267\/revisions"}],"predecessor-version":[{"id":268,"href":"https:\/\/energeticsibiu.ro\/wordpress\/wp-json\/wp\/v2\/posts\/267\/revisions\/268"}],"wp:attachment":[{"href":"https:\/\/energeticsibiu.ro\/wordpress\/wp-json\/wp\/v2\/media?parent=267"}],"wp:term":[{"taxonomy":"category","embeddable":true,"href":"https:\/\/energeticsibiu.ro\/wordpress\/wp-json\/wp\/v2\/categories?post=267"},{"taxonomy":"post_tag","embeddable":true,"href":"https:\/\/energeticsibiu.ro\/wordpress\/wp-json\/wp\/v2\/tags?post=267"}],"curies":[{"name":"wp","href":"https:\/\/api.w.org\/{rel}","templated":true}]}}