{"id":1915,"date":"2026-04-30T11:13:52","date_gmt":"2026-04-30T09:13:52","guid":{"rendered":"https:\/\/energeticsibiu.ro\/wordpress\/?p=1915"},"modified":"2026-04-30T11:18:13","modified_gmt":"2026-04-30T09:18:13","slug":"calendarul-examenului-national-de-bacalaureat-sesiunea-iunie-iulie-2026","status":"publish","type":"post","link":"https:\/\/energeticsibiu.ro\/wordpress\/calendarul-examenului-national-de-bacalaureat-sesiunea-iunie-iulie-2026\/","title":{"rendered":"CALENDARUL EXAMENULUI NA\u021aIONAL DE BACALAUREAT, SESIUNEA IUNIE\u2013IULIE \u00a02026"},"content":{"rendered":"\n<p><strong>2-4 iunie 2026<\/strong> \u2013 \u00censcrierea candida\u021bilor la prima sesiune de examen<\/p>\n\n\n\n<p><strong>4 iunie 2026<\/strong> \u2013 \u00cencheierea cursurilor pentru elevii claselor a XII-a<\/p>\n\n\n\n<p><strong>8-10 iunie 2026 <\/strong>\u2013 Evaluarea competen\u021belor lingvistice de comunicare oral\u0103 \u00een limba rom\u00e2n\u0103 \u2013 proba A<\/p>\n\n\n\n<p><strong>10-11 iunie 2026 <\/strong>\u2013 Evaluarea competen\u0163elor lingvistice de comunicare oral\u0103 \u00een limba matern\u0103 \u2013 proba B<\/p>\n\n\n\n<p><strong>11-12 iunie 2026 <\/strong>\u2013 Evaluarea competen\u0163elor lingvistice \u00eentr-o limb\u0103 de circula\u0163ie interna\u0163ional\u0103 &#8211; proba C<\/p>\n\n\n\n<p><strong>15-17 iunie 2026<\/strong> \u2013 Evaluarea competen\u0163elor digitale \u2013 proba D<\/p>\n\n\n\n<p><strong>29 iunie 2026 <\/strong>&nbsp;\u2013 Limba \u015fi literatura rom\u00e2n\u0103 \u2013proba E.a) \u2013 prob\u0103 scris\u0103<\/p>\n\n\n\n<p><strong>30 iunie 2026<\/strong>&nbsp; \u2013 Proba obligatorie a profilului \u2013 proba E.c) \u2013 proba scris\u0103<\/p>\n\n\n\n<p><strong>2 iulie 2026 <\/strong>\u2013 Proba la alegere a profilului \u015fi specializ\u0103rii \u2013 proba E.d) \u2013 proba scris\u0103<\/p>\n\n\n\n<p><strong>3 iulie 2026 <\/strong>\u2013 Limba \u015fi literatura matern\u0103 \u2013 proba E.b) \u2013 proba scris\u0103<\/p>\n\n\n\n<p><strong>7 iulie 2026<\/strong>\u2013 Afi\u015farea rezultatelor ini\u0163iale la probele scrise (<strong>p\u00e2n\u0103 la ora 12.00)<\/strong>, vizualizarea lucr\u0103rilor scrise \u015fi depunerea contesta\u0163iilor (\u00een intervalul <strong>orar<\/strong> <strong>14,00 \u2013 18,00)<\/strong><\/p>\n\n\n\n<p><strong>8-9 iulie 2026<\/strong> \u2013 Vizualizarea lucr\u0103rilor scrise \u0219i depunerea contesta\u021biilor<\/p>\n\n\n\n<p><strong>9-10 iulie 2026<\/strong> \u2013 Solu\u0163ionarea contesta\u0163iilor<\/p>\n\n\n\n<p><strong>13 iulie 2026<\/strong> \u2013 Afi\u015farea rezultatelor finale<\/p>\n\n\n\n<p><strong>\u00ceNSCRIEREA CANDIDA\u021aILOR DIN SERIILE ANTERIOARE<\/strong><\/p>\n\n\n\n<p><strong>PERIOADA DE \u00ceNSCRIERE<\/strong><strong>:<\/strong><\/p>\n\n\n\n<p><strong>02-04 iunie 2026 \u00eentre orele 10<sup>00 <\/sup>&#8211; 14<sup>00<\/sup> la secretariat, pentru probele scrise ale primei sesiuni de examen.<\/strong><\/p>\n\n\n\n<p><strong>ACTELE NECESARE:<\/strong><\/p>\n\n\n\n<p><strong>Cererea tip, care se va completa la colegiu \u0219i va fi \u00eenso\u021bit<\/strong>\u0103 de: copia certificatului de na\u015ftere, copia c\u0103r\u0163ii de identitate., copia foii matricole pentru cls. IX-XII\/(XIII), copii ale Certificatelor de competen\u0163e, copia certificatului de c\u0103s\u0103torie (dac\u0103 e cazul), 2 fotografii color m\u0103rimea \u00be cm.<\/p>\n","protected":false},"excerpt":{"rendered":"<p>2-4 iunie 2026 \u2013 \u00censcrierea candida\u021bilor la prima sesiune de examen 4 iunie 2026 \u2013 \u00cencheierea cursurilor pentru elevii claselor a XII-a 8-10 iunie 2026 \u2013 Evaluarea competen\u021belor lingvistice de [&hellip;]<\/p>\n","protected":false},"author":2,"featured_media":0,"comment_status":"open","ping_status":"open","sticky":false,"template":"","format":"standard","meta":{"footnotes":""},"categories":[26,15],"tags":[],"class_list":["post-1915","post","type-post","status-publish","format-standard","hentry","category-informatii-bacalaureat","category-noutati"],"_links":{"self":[{"href":"https:\/\/energeticsibiu.ro\/wordpress\/wp-json\/wp\/v2\/posts\/1915","targetHints":{"allow":["GET"]}}],"collection":[{"href":"https:\/\/energeticsibiu.ro\/wordpress\/wp-json\/wp\/v2\/posts"}],"about":[{"href":"https:\/\/energeticsibiu.ro\/wordpress\/wp-json\/wp\/v2\/types\/post"}],"author":[{"embeddable":true,"href":"https:\/\/energeticsibiu.ro\/wordpress\/wp-json\/wp\/v2\/users\/2"}],"replies":[{"embeddable":true,"href":"https:\/\/energeticsibiu.ro\/wordpress\/wp-json\/wp\/v2\/comments?post=1915"}],"version-history":[{"count":3,"href":"https:\/\/energeticsibiu.ro\/wordpress\/wp-json\/wp\/v2\/posts\/1915\/revisions"}],"predecessor-version":[{"id":1918,"href":"https:\/\/energeticsibiu.ro\/wordpress\/wp-json\/wp\/v2\/posts\/1915\/revisions\/1918"}],"wp:attachment":[{"href":"https:\/\/energeticsibiu.ro\/wordpress\/wp-json\/wp\/v2\/media?parent=1915"}],"wp:term":[{"taxonomy":"category","embeddable":true,"href":"https:\/\/energeticsibiu.ro\/wordpress\/wp-json\/wp\/v2\/categories?post=1915"},{"taxonomy":"post_tag","embeddable":true,"href":"https:\/\/energeticsibiu.ro\/wordpress\/wp-json\/wp\/v2\/tags?post=1915"}],"curies":[{"name":"wp","href":"https:\/\/api.w.org\/{rel}","templated":true}]}}