{"id":1633,"date":"2025-05-14T10:48:57","date_gmt":"2025-05-14T08:48:57","guid":{"rendered":"https:\/\/energeticsibiu.ro\/wordpress\/?p=1633"},"modified":"2025-05-14T10:50:16","modified_gmt":"2025-05-14T08:50:16","slug":"campion-european-la-taekwon-do","status":"publish","type":"post","link":"https:\/\/energeticsibiu.ro\/wordpress\/campion-european-la-taekwon-do\/","title":{"rendered":"Campion european la Taekwon-do"},"content":{"rendered":"\n<p>Elevul colegiului nostru, Hadar Paul, din clasa a XI-a A, a ob\u021binut titlul de <strong>Campion european<\/strong> la Taekwon-do (campion european la tehnici speciale), la Campionatul European desf\u0103\u0219urat la Sarajevo, Bosnia, \u00een perioada 23-27 aprilie 2025. Este cea mai mare realizare a lui p\u00e2n\u0103 \u00een prezent. Elevul este antrenat de domnul Lazurca Alin.<\/p>\n\n\n\n<p>Felicit\u0103ri elevului, p\u0103rin\u021bilor care l-au sus\u021binut  \u0219i antrenorului!<\/p>\n\n\n\n<figure class=\"wp-block-image size-large\"><img loading=\"lazy\" decoding=\"async\" width=\"473\" height=\"1024\" src=\"https:\/\/energeticsibiu.ro\/wordpress\/wp-content\/uploads\/2025\/05\/WhatsApp-Image-2025-05-14-at-10.28.00-473x1024.jpeg\" alt=\"\" class=\"wp-image-1634\"\/><\/figure>\n\n\n\n<figure class=\"wp-block-image size-large\"><img loading=\"lazy\" decoding=\"async\" width=\"683\" height=\"1024\" src=\"https:\/\/energeticsibiu.ro\/wordpress\/wp-content\/uploads\/2025\/05\/WhatsApp-Image-2025-05-14-at-10.28.02-2-683x1024.jpeg\" alt=\"\" class=\"wp-image-1635\"\/><\/figure>\n\n\n\n<figure class=\"wp-block-image size-large\"><img loading=\"lazy\" decoding=\"async\" width=\"683\" height=\"1024\" src=\"https:\/\/energeticsibiu.ro\/wordpress\/wp-content\/uploads\/2025\/05\/WhatsApp-Image-2025-05-14-at-10.28.03-1-683x1024.jpeg\" alt=\"\" class=\"wp-image-1636\"\/><\/figure>\n\n\n\n<figure class=\"wp-block-image size-large\"><img loading=\"lazy\" decoding=\"async\" width=\"683\" height=\"1024\" src=\"https:\/\/energeticsibiu.ro\/wordpress\/wp-content\/uploads\/2025\/05\/WhatsApp-Image-2025-05-14-at-10.28.02-1-683x1024.jpeg\" alt=\"\" class=\"wp-image-1637\"\/><\/figure>\n","protected":false},"excerpt":{"rendered":"<p>Elevul colegiului nostru, Hadar Paul, din clasa a XI-a A, a ob\u021binut titlul de Campion european la Taekwon-do (campion european la tehnici speciale), la Campionatul European desf\u0103\u0219urat la Sarajevo, Bosnia, [&hellip;]<\/p>\n","protected":false},"author":2,"featured_media":0,"comment_status":"open","ping_status":"open","sticky":false,"template":"","format":"standard","meta":{"footnotes":""},"categories":[11],"tags":[],"class_list":["post-1633","post","type-post","status-publish","format-standard","hentry","category-activitati-extrascolare"],"_links":{"self":[{"href":"https:\/\/energeticsibiu.ro\/wordpress\/wp-json\/wp\/v2\/posts\/1633","targetHints":{"allow":["GET"]}}],"collection":[{"href":"https:\/\/energeticsibiu.ro\/wordpress\/wp-json\/wp\/v2\/posts"}],"about":[{"href":"https:\/\/energeticsibiu.ro\/wordpress\/wp-json\/wp\/v2\/types\/post"}],"author":[{"embeddable":true,"href":"https:\/\/energeticsibiu.ro\/wordpress\/wp-json\/wp\/v2\/users\/2"}],"replies":[{"embeddable":true,"href":"https:\/\/energeticsibiu.ro\/wordpress\/wp-json\/wp\/v2\/comments?post=1633"}],"version-history":[{"count":2,"href":"https:\/\/energeticsibiu.ro\/wordpress\/wp-json\/wp\/v2\/posts\/1633\/revisions"}],"predecessor-version":[{"id":1640,"href":"https:\/\/energeticsibiu.ro\/wordpress\/wp-json\/wp\/v2\/posts\/1633\/revisions\/1640"}],"wp:attachment":[{"href":"https:\/\/energeticsibiu.ro\/wordpress\/wp-json\/wp\/v2\/media?parent=1633"}],"wp:term":[{"taxonomy":"category","embeddable":true,"href":"https:\/\/energeticsibiu.ro\/wordpress\/wp-json\/wp\/v2\/categories?post=1633"},{"taxonomy":"post_tag","embeddable":true,"href":"https:\/\/energeticsibiu.ro\/wordpress\/wp-json\/wp\/v2\/tags?post=1633"}],"curies":[{"name":"wp","href":"https:\/\/api.w.org\/{rel}","templated":true}]}}